{"id":3906,"date":"2025-12-14T15:35:07","date_gmt":"2025-12-14T14:35:07","guid":{"rendered":"https:\/\/www.uztebesam.hr\/?p=3906"},"modified":"2025-12-15T07:38:32","modified_gmt":"2025-12-15T06:38:32","slug":"djeca-u-sredistu-blagdanske-carolije","status":"publish","type":"post","link":"https:\/\/www.uztebesam.hr\/index.php\/2025\/12\/14\/djeca-u-sredistu-blagdanske-carolije\/","title":{"rendered":"Bo\u017ei\u0107na \u010darolija"},"content":{"rendered":"\n<p>U subotu, <strong>13. prosinca u 10 sati<\/strong>, u prostorijama <strong>Studentskog centra<\/strong> odr\u017eana je tradicionalna bo\u017ei\u0107na priredba, koja je i ove godine ispunila srca svih prisutnih toplinom, rado\u0161\u0107u i istinskim blagdanskim duhom.<\/p>\n\n\n\n<p>Posebnost ove priredbe bila je u tome \u0161to su <strong>sve to\u010dke programa izvela djeca s te\u0161ko\u0107ama u razvoju i mlade osobe s invaliditetom,<\/strong> koje su za nastup marljivo pripremale <strong>edukacijske rehabilitatorice uz nesebi\u010dnu podr\u0161ku volontera.<\/strong> Njihovi nastupi nisu bili samo scenski do\u017eivljaj, ve\u0107 i sna\u017ena poruka o tome koliko se uz stru\u010dnu podr\u0161ku, strpljenje, povjerenje i ljubav mo\u017ee posti\u0107i. Ova priredba bila je prilika da djeca poka\u017eu svoje talente, trud i hrabrost te da zablistaju pred publikom koja ih bezuvjetno podr\u017eava.<\/p>\n\n\n\n<p>Prisutnima su se obratili i brojni gosti i partneri Udruge, me\u0111u kojima su bili predstavnici <strong>Grada Vara\u017edina<\/strong><strong>, <\/strong><strong>Sveu\u010dili\u0161ta Sjever \u2013 Odjela za sestrinstvo<\/strong><strong>, <\/strong><strong>Studentskog centra<\/strong><strong>, <\/strong><strong>Osnovne \u0161kole Petrijanec<\/strong><strong>, <\/strong><strong>Rotaract kluba<\/strong><strong>,<\/strong> kao i dugogodi\u0161nji prijatelji i volonteri Udruge. Tom su prigodom uru\u010dene zahvalnice svima koji kontinuirano podupiru rad Udruge i svojim doprinosom pobolj\u0161avaju kvalitetu \u017eivota djece i mladih s invaliditetom. Posebno je istaknuta sna\u017ena i dugogodi\u0161nja podr\u0161ka <strong>Grada Vara\u017edina<\/strong><strong>,<\/strong> koji osigurava sredstva za terapije logopeda i edukacijskih rehabilitatora, financira projekt <strong>\u201eZeleni koraci\u201c<\/strong><strong>,<\/strong> te sudjeluje kao partner u projektu <strong>Oslonac za uspjeh<\/strong>. Zahvala je upu\u0107ena i <strong>Vara\u017edinskoj \u017eupaniji<\/strong><strong>,<\/strong> koja kontinuirano podr\u017eava brojne socijalizacijske programe namijenjene mladima.<\/p>\n\n\n\n<p>Sredi\u0161nji dio priredbe obilje\u017eili su veseli glazbeni i scenski nastupi \u2013 pjesme, ske\u010devi i zajedni\u010dko pjevanje, a vrhunac blagdanske \u010darolije bio je dolazak <strong>Bake i Djeda Mraza<\/strong>, koje su djeca dozvala pjesmom i iskrenim osmijesima. Publika je s odu\u0161evljenjem pratila izvedbe pjesama <em>Santa Claus is Coming to Town<\/em>, <em>Sretan Bo\u017ei\u0107 svakome<\/em>, <em>Bo\u017ei\u0107 dolazi<\/em> i <em>Zvon\u010di\u0107i<\/em>.<\/p>\n\n\n\n<p>Na kraju programa poruka je bila jasna \u2013 <strong>Bo\u017ei\u0107 je u zajedni\u0161tvu, prihva\u0107anju i ljubavi<\/strong>, a djeca su nas jo\u0161 jednom podsjetila da, iako smo svi razli\u010diti, u srcima smo isti.<\/p>\n\n\n\n<p>Na samom kraju priredbe djeci su podijeljeni pokloni prikupljeni u sklopu akcije <strong>\u201eIspuni moju bo\u017ei\u0107nu \u017eelju\u201c<\/strong>. Slatkim paketima svu djecu je obradovala na\u0161a dugogodi\u0161nja donatorica g\u0111a Anita Rep. Iskreno zahvaljujemo g\u0111i Rep, kao i svima koji su se uklju\u010dili u ovu akciju i razveselili na\u0161u djecu i mlade, ostavljaju\u0107i sna\u017ean dojam i jo\u0161 sna\u017eniju poruku o va\u017enosti <strong>inkluzije, podr\u0161ke i zajedni\u0161tva<\/strong>. Hvala od srca svim donatorima koji nas podr\u017eavaju tijekom godine i volonterima, bez kojih na\u0161 rad ne bi bio mogu\u0107.<\/p>\n","protected":false},"excerpt":{"rendered":"<p>U subotu, 13. prosinca u 10 sati, u prostorijama Studentskog centra odr\u017eana je tradicionalna bo\u017ei\u0107na priredba, koja je i ove godine ispunila srca svih prisutnih toplinom, rado\u0161\u0107u i istinskim blagdanskim [&hellip;]<\/p>\n","protected":false},"author":1,"featured_media":3907,"comment_status":"closed","ping_status":"closed","sticky":false,"template":"","format":"standard","meta":{"footnotes":""},"categories":[1],"tags":[],"class_list":["post-3906","post","type-post","status-publish","format-standard","has-post-thumbnail","hentry","category-udruga"],"_links":{"self":[{"href":"https:\/\/www.uztebesam.hr\/index.php\/wp-json\/wp\/v2\/posts\/3906","targetHints":{"allow":["GET"]}}],"collection":[{"href":"https:\/\/www.uztebesam.hr\/index.php\/wp-json\/wp\/v2\/posts"}],"about":[{"href":"https:\/\/www.uztebesam.hr\/index.php\/wp-json\/wp\/v2\/types\/post"}],"author":[{"embeddable":true,"href":"https:\/\/www.uztebesam.hr\/index.php\/wp-json\/wp\/v2\/users\/1"}],"replies":[{"embeddable":true,"href":"https:\/\/www.uztebesam.hr\/index.php\/wp-json\/wp\/v2\/comments?post=3906"}],"version-history":[{"count":2,"href":"https:\/\/www.uztebesam.hr\/index.php\/wp-json\/wp\/v2\/posts\/3906\/revisions"}],"predecessor-version":[{"id":3909,"href":"https:\/\/www.uztebesam.hr\/index.php\/wp-json\/wp\/v2\/posts\/3906\/revisions\/3909"}],"wp:featuredmedia":[{"embeddable":true,"href":"https:\/\/www.uztebesam.hr\/index.php\/wp-json\/wp\/v2\/media\/3907"}],"wp:attachment":[{"href":"https:\/\/www.uztebesam.hr\/index.php\/wp-json\/wp\/v2\/media?parent=3906"}],"wp:term":[{"taxonomy":"category","embeddable":true,"href":"https:\/\/www.uztebesam.hr\/index.php\/wp-json\/wp\/v2\/categories?post=3906"},{"taxonomy":"post_tag","embeddable":true,"href":"https:\/\/www.uztebesam.hr\/index.php\/wp-json\/wp\/v2\/tags?post=3906"}],"curies":[{"name":"wp","href":"https:\/\/api.w.org\/{rel}","templated":true}]}}