{"id":3878,"date":"2025-04-22T11:19:00","date_gmt":"2025-04-22T09:19:00","guid":{"rendered":"https:\/\/www.uztebesam.hr\/?p=3878"},"modified":"2025-05-02T11:27:00","modified_gmt":"2025-05-02T09:27:00","slug":"javni-poziv-za-sudjelovanje-u-projektu","status":"publish","type":"post","link":"https:\/\/www.uztebesam.hr\/index.php\/2025\/04\/22\/javni-poziv-za-sudjelovanje-u-projektu\/","title":{"rendered":"Javni poziv za sudjelovanje u projektu"},"content":{"rendered":"\n<p>Po\u0161tovani roditelji,<br><br>ukoliko <strong>imate priznato pravo na status roditelja njegovatelja\/njegovatelja za<br>njegu djeteta\/djece s te\u0161ko\u0107ama i\/ili osobe\/osoba s invaliditetom<\/strong>, a<br>istovremeno <strong>ne koristite usluge poludnevnog boravka i uslugu osobne<br>asistencije<\/strong>, udruga savjetovali\u0161ta \u201eUz tebe sam\u201c vas poziva da se prijavite za<br>sudjelovanje u projektu odmora od skrbi <strong>\u201eInnoAktiv\u201c<\/strong>.<br><br>U sklopu projekta InnoAktiv pru\u017eit \u0107emo inovativnu socijalnu uslugu odmora od skrbi za 25<br>roditelja, na na\u010din da \u0107emo djeci o kojima skrbe omogu\u0107iti uklju\u010divanje u razne<br>provedbene grupne i individualne radionice (Terapija smijehom, Terapija zvukom,<br>Iskustveno u\u010denje u prirodi, Rekreacija, Kulturna ba\u0161tina, Socijalne vje\u0161tine, Glina, Eko<br>radionica).<br><br>Kroz grupni i individualni rad te iskustveno u\u010denje, djeci s te\u0161ko\u0107ama u razvoju ili<br>invaliditetom omogu\u0107it \u0107emo razvoj i ja\u010danje kognitivnih, socijalnih i fizi\u010dkih vje\u0161tina, dok<br>\u0107emo istovremeno roditeljima njegovateljima pru\u017eiti relaksaciju i odmor od skrbi.<br>Vi\u0161e informacija o projektu kao i prijavni obrazac za sudjelovanje mogu\u0107e je prona\u0107i na<br><strong>internetskim stranicama projekta InnoAktiv (<a href=\"https:\/\/innoaktiv.uztebesam.hr\">https:\/\/innoaktiv.uztebesam.hr<\/a>)<\/strong>.<br><\/p>\n\n\n\n<p>Radujemo se va\u0161oj prijavi!<\/p>\n\n\n\n<figure class=\"wp-block-image size-large\"><img fetchpriority=\"high\" decoding=\"async\" width=\"1024\" height=\"91\" src=\"https:\/\/www.uztebesam.hr\/wp-content\/uploads\/2025\/05\/esf-1024x91.png\" alt=\"\" class=\"wp-image-3879\" srcset=\"https:\/\/www.uztebesam.hr\/wp-content\/uploads\/2025\/05\/esf-1024x91.png 1024w, https:\/\/www.uztebesam.hr\/wp-content\/uploads\/2025\/05\/esf-300x27.png 300w, https:\/\/www.uztebesam.hr\/wp-content\/uploads\/2025\/05\/esf-768x68.png 768w, https:\/\/www.uztebesam.hr\/wp-content\/uploads\/2025\/05\/esf-1536x137.png 1536w, https:\/\/www.uztebesam.hr\/wp-content\/uploads\/2025\/05\/esf-1000x89.png 1000w, https:\/\/www.uztebesam.hr\/wp-content\/uploads\/2025\/05\/esf-230x21.png 230w, https:\/\/www.uztebesam.hr\/wp-content\/uploads\/2025\/05\/esf-350x31.png 350w, https:\/\/www.uztebesam.hr\/wp-content\/uploads\/2025\/05\/esf-480x43.png 480w, https:\/\/www.uztebesam.hr\/wp-content\/uploads\/2025\/05\/esf.png 2008w\" sizes=\"(max-width: 1024px) 100vw, 1024px\" \/><\/figure>\n\n\n\n<p><\/p>\n","protected":false},"excerpt":{"rendered":"<p>Po\u0161tovani roditelji, ukoliko imate priznato pravo na status roditelja njegovatelja\/njegovatelja zanjegu djeteta\/djece s te\u0161ko\u0107ama i\/ili osobe\/osoba s invaliditetom, aistovremeno ne koristite usluge poludnevnog boravka i uslugu osobneasistencije, udruga savjetovali\u0161ta \u201eUz [&hellip;]<\/p>\n","protected":false},"author":1,"featured_media":3884,"comment_status":"closed","ping_status":"","sticky":false,"template":"","format":"standard","meta":{"footnotes":""},"categories":[1],"tags":[],"class_list":["post-3878","post","type-post","status-publish","format-standard","has-post-thumbnail","hentry","category-udruga"],"_links":{"self":[{"href":"https:\/\/www.uztebesam.hr\/index.php\/wp-json\/wp\/v2\/posts\/3878","targetHints":{"allow":["GET"]}}],"collection":[{"href":"https:\/\/www.uztebesam.hr\/index.php\/wp-json\/wp\/v2\/posts"}],"about":[{"href":"https:\/\/www.uztebesam.hr\/index.php\/wp-json\/wp\/v2\/types\/post"}],"author":[{"embeddable":true,"href":"https:\/\/www.uztebesam.hr\/index.php\/wp-json\/wp\/v2\/users\/1"}],"replies":[{"embeddable":true,"href":"https:\/\/www.uztebesam.hr\/index.php\/wp-json\/wp\/v2\/comments?post=3878"}],"version-history":[{"count":4,"href":"https:\/\/www.uztebesam.hr\/index.php\/wp-json\/wp\/v2\/posts\/3878\/revisions"}],"predecessor-version":[{"id":3887,"href":"https:\/\/www.uztebesam.hr\/index.php\/wp-json\/wp\/v2\/posts\/3878\/revisions\/3887"}],"wp:featuredmedia":[{"embeddable":true,"href":"https:\/\/www.uztebesam.hr\/index.php\/wp-json\/wp\/v2\/media\/3884"}],"wp:attachment":[{"href":"https:\/\/www.uztebesam.hr\/index.php\/wp-json\/wp\/v2\/media?parent=3878"}],"wp:term":[{"taxonomy":"category","embeddable":true,"href":"https:\/\/www.uztebesam.hr\/index.php\/wp-json\/wp\/v2\/categories?post=3878"},{"taxonomy":"post_tag","embeddable":true,"href":"https:\/\/www.uztebesam.hr\/index.php\/wp-json\/wp\/v2\/tags?post=3878"}],"curies":[{"name":"wp","href":"https:\/\/api.w.org\/{rel}","templated":true}]}}