{"id":3817,"date":"2024-09-18T11:51:10","date_gmt":"2024-09-18T09:51:10","guid":{"rendered":"https:\/\/www.uztebesam.hr\/?p=3817"},"modified":"2024-09-18T11:51:10","modified_gmt":"2024-09-18T09:51:10","slug":"pocetna-konferencija-i-ja-sam-uz-tebe","status":"publish","type":"post","link":"https:\/\/www.uztebesam.hr\/index.php\/2024\/09\/18\/pocetna-konferencija-i-ja-sam-uz-tebe\/","title":{"rendered":"Po\u010detna konferencija: I ja sam uz tebe"},"content":{"rendered":"\n<p>Dana 18. rujna zapo\u010dela je javna faza kampanje \u201eI ja sam uz tebe\u201c, za koju je Udruga dobila poticaj od Erste banke. Predsjednica Dijana Telebar i \u010dlanica Upravnog odbora Magdalena Hr\u017eenjak educirale su se u sklopu programa Ostavi dobar trag i usvojile vrijedna znanja i financijski poticaj za pokretanje kampanje. &nbsp;<\/p>\n\n\n\n<p>Kampanja \u201eI ja sam uz tebe\u201c je pokrenuta, a ona ima za cilj potaknuti dru\u0161tvo da prepozna izazove s kojima se svakodnevno suo\u010davaju djeca s te\u0161ko\u0107ama u razvoju (djeca s TUR), ali i njihove mogu\u0107nosti i talente. Cilj nam je osigurati posebno prilago\u0111en prostor SENcastle (senzorni dvorac) koji \u0107e omogu\u0107iti djeci s te\u0161ko\u0107ama u razvoju da se razvijaju skladu sa svojim mogu\u0107nostima. Za opremanje i odr\u017eavanje SENcastle-a (senzornog dvorca) potreban nam je iznos od 8000 eura. Senzorni dvorac \u0107e biti nadopuna na\u0161em radu \u2013 pru\u017eanju tretmana od strane stru\u010dnjaka za djecu s TUR koji financijski podr\u017eavaju Grad Vara\u017edin, tvrtka Colas d.d. Hrvatska, tvrtka Knauf Insulation d.o.o. te ostali dobro\u010dinitelji kojima od srca zahvaljujemo!<\/p>\n\n\n\n<p>Na po\u010detnoj konferenciji, uz brojne roditelje, okupili su se rehabilitatori i volonteri te predstavnica Grada Vara\u017edina, zamjenica pro\u010delnice &#8211; voditeljica Odsjeka za civilno dru\u0161tvo, mlade i socijalnu skrb Andreja Bobek, predstavnica tvrtke E-Glas Mateja Vuka\u0161inec, specijalistica za asistivnu tehnologiju i senzornu integraciju. Sve prisutne na po\u010detku je pozdravila predsjednica Dijana Telebar \u00a0i obratila se prigodnim rije\u010dima. Predstavnica tvrtke E-Glas Mateja Vuka\u0161inec, koja je ujedno i edukacijski rehabilitator te pedagog senzorne integracije, predstavila je prisutnima SEN-castle (senzorni dvorac).<\/p>\n\n\n\n<p>Edukacijska rehabilitatorica i pedagog senzorne integracije Valentina Nedeljko istaknula je va\u017enost ovakvog vida tehnolo\u0161ke inovacije za napredak djece s te\u0161ko\u0107ama u razvoju: \u201eSenzorni dvorac dodatno \u0107e obogatiti na\u0161e radionice. Od posebnog zna\u010daja bit \u0107e za brojnu djecu s te\u0161ko\u0107ama samoregulacije, koja \u0107e umirivanjem u senzornom dvorcu biti spremnija za u\u010denje. Posebnost je senzornog dvorca u prilagodbi senzornog unosa, \u0161to je posebno va\u017eno za djecu s te\u0161ko\u0107ama senzorne integracije jer \u0107e tako dobiti priliku za kontroliranjem razine senzornog unosa koja im je potrebna. Uz dodatan sadr\u017eaj koji nudi senzorni dvorac, na\u0161a djeca \u0107e imati prilike razvijati svoje kognitivne vje\u0161tine i pripremiti se za zadatke koji ih \u010dekaju u \u0161koli ili vrti\u0107u, razvijati svoje socijalizacijske i komunikacijske vje\u0161tine \u2013 vje\u017ebati komunicirati sa svojim vr\u0161njacima \u2013 izra\u017eavati svoje misli, \u017eelje i osje\u0107aje. Va\u017eno je jo\u0161 napomenuti kako je rano razdoblje (do polaska u \u0161kolu), najva\u017eniji period za razvoj dje\u010djeg mozga. U tom periodu dijete ima najvi\u0161e potencijala za u\u010denje.\u201c<\/p>\n\n\n\n<p>Koliko su va\u017eni tretmani koje zahvaljuju\u0107i Udruzi i ostalim dobro\u010diniteljima dobivaju djeca s te\u0161ko\u0107ama u razvoju istaknula je Martina Tomi\u0161a, majka djevoj\u010dice s te\u0161ko\u0107ama u razvoju.<\/p>\n\n\n\n<p>Zato pozivamo sve koji mogu i \u017eele da nam se pridru\u017ee u ostvarivanju ove misije. Zajedno mo\u017eemo graditi dvorac, ali ne od kamenja i cigle, ve\u0107 od dje\u010djih \u017eelja i snova.<\/p>\n\n\n\n<p>Svaka donacija, pa i ona najmanja, jako je bitna. Zato budi i Ti uz nas!&nbsp;<\/p>\n\n\n\n<p>Donirati se mo\u017ee putem QR koda ili uplatom na poslovni ra\u010dun Udruge koji je otvoren isklju\u010divo za nabavu senzornog dvorca pri Erste&amp;Steierm\u00e4rkische Bank d.d. IBAN: HR4924020061500142946.<\/p>\n\n\n\n<p>Hvala od srca svima koji ste uz nas! <\/p>\n\n\n\n<figure class=\"wp-block-image size-full\"><img decoding=\"async\" width=\"218\" height=\"129\" src=\"https:\/\/www.uztebesam.hr\/wp-content\/uploads\/2024\/09\/image-2.png\" alt=\"\" class=\"wp-image-3818\"\/><\/figure>\n\n\n\n<p><\/p>\n","protected":false},"excerpt":{"rendered":"<p>Dana 18. rujna zapo\u010dela je javna faza kampanje \u201eI ja sam uz tebe\u201c, za koju je Udruga dobila poticaj od Erste banke. Predsjednica Dijana Telebar i \u010dlanica Upravnog odbora Magdalena [&hellip;]<\/p>\n","protected":false},"author":1,"featured_media":3819,"comment_status":"open","ping_status":"closed","sticky":false,"template":"","format":"standard","meta":{"footnotes":""},"categories":[1],"tags":[],"class_list":["post-3817","post","type-post","status-publish","format-standard","has-post-thumbnail","hentry","category-udruga"],"_links":{"self":[{"href":"https:\/\/www.uztebesam.hr\/index.php\/wp-json\/wp\/v2\/posts\/3817","targetHints":{"allow":["GET"]}}],"collection":[{"href":"https:\/\/www.uztebesam.hr\/index.php\/wp-json\/wp\/v2\/posts"}],"about":[{"href":"https:\/\/www.uztebesam.hr\/index.php\/wp-json\/wp\/v2\/types\/post"}],"author":[{"embeddable":true,"href":"https:\/\/www.uztebesam.hr\/index.php\/wp-json\/wp\/v2\/users\/1"}],"replies":[{"embeddable":true,"href":"https:\/\/www.uztebesam.hr\/index.php\/wp-json\/wp\/v2\/comments?post=3817"}],"version-history":[{"count":1,"href":"https:\/\/www.uztebesam.hr\/index.php\/wp-json\/wp\/v2\/posts\/3817\/revisions"}],"predecessor-version":[{"id":3820,"href":"https:\/\/www.uztebesam.hr\/index.php\/wp-json\/wp\/v2\/posts\/3817\/revisions\/3820"}],"wp:featuredmedia":[{"embeddable":true,"href":"https:\/\/www.uztebesam.hr\/index.php\/wp-json\/wp\/v2\/media\/3819"}],"wp:attachment":[{"href":"https:\/\/www.uztebesam.hr\/index.php\/wp-json\/wp\/v2\/media?parent=3817"}],"wp:term":[{"taxonomy":"category","embeddable":true,"href":"https:\/\/www.uztebesam.hr\/index.php\/wp-json\/wp\/v2\/categories?post=3817"},{"taxonomy":"post_tag","embeddable":true,"href":"https:\/\/www.uztebesam.hr\/index.php\/wp-json\/wp\/v2\/tags?post=3817"}],"curies":[{"name":"wp","href":"https:\/\/api.w.org\/{rel}","templated":true}]}}