{"id":3790,"date":"2024-04-17T13:12:45","date_gmt":"2024-04-17T11:12:45","guid":{"rendered":"https:\/\/www.uztebesam.hr\/?p=3790"},"modified":"2024-04-17T13:16:02","modified_gmt":"2024-04-17T11:16:02","slug":"in-memoriam-gabrijel-sebastijan-butek-2010-2024","status":"publish","type":"post","link":"https:\/\/www.uztebesam.hr\/index.php\/2024\/04\/17\/in-memoriam-gabrijel-sebastijan-butek-2010-2024\/","title":{"rendered":"In memoriam &#8211; Gabrijel Sebastijan Butek"},"content":{"rendered":"\n<p>U dubokoj tuzi i s neizmjernom boli obavje\u0161tavamo da je na\u0161 \u010dlan Gabrijel Sebastijan Butek napustio ovaj svijet prerano, u svojoj \u010detrnaestoj godini \u017eivota. Iza sebe ostavlja neizbrisiv trag ljubavi, sre\u0107e i nevinosti koji \u0107e zauvijek \u017eivjeti u na\u0161im srcima.<\/p>\n\n\n\n<p>Bio je dje\u010dak pun \u017eivota, vedrine i nade. Njegova radost, smijeh i radoznalost osvjetljavali su svijet oko njega, donose\u0107i sre\u0107u svima koji su imali \u010dast poznavati ga. Njegova snaga i hrabrost bili su izvor inspiracije za sve nas.<\/p>\n\n\n\n<p>Za svoga \u017eivota, Gabrijel je dotaknuo mnoga srca, ostavljaju\u0107i iza sebe trajne uspomene koje nikada ne\u0107e izblijedjeti. Njegova ljubav prema \u017eivotu, obitelji i prijateljima bila je neizmjerna, a njegova dobrota i empatija prema drugima ostaju trajni podsjetnik na prave vrijednosti \u017eivota.<\/p>\n\n\n\n<p>Iako nas je napustio prerano, vjerujemo da \u0107e njegova du\u0161a \u017eivjeti vje\u010dno u svijetlu i miru, \u010duvana an\u0111elima u nebeskom kraljevstvu.<\/p>\n\n\n\n<p>Dragi Gabi, zahvalni smo za svaki trenutak koji smo proveli s tobom, za sve \u0161to si nas nau\u010dio. Nikada te ne\u0107emo zaboraviti i uvijek \u0107e\u0161 biti s nama, u na\u0161im mislima, molitvama i srcima.<\/p>\n\n\n\n<p>Po\u010divaj u miru, dragi na\u0161! Volimo te zauvijek.<\/p>\n","protected":false},"excerpt":{"rendered":"<p>U dubokoj tuzi i s neizmjernom boli obavje\u0161tavamo da je na\u0161 \u010dlan Gabrijel Sebastijan Butek napustio ovaj svijet prerano, u svojoj \u010detrnaestoj godini \u017eivota. Iza sebe ostavlja neizbrisiv trag ljubavi, [&hellip;]<\/p>\n","protected":false},"author":1,"featured_media":3792,"comment_status":"open","ping_status":"closed","sticky":false,"template":"","format":"standard","meta":{"footnotes":""},"categories":[1],"tags":[],"class_list":["post-3790","post","type-post","status-publish","format-standard","has-post-thumbnail","hentry","category-udruga"],"_links":{"self":[{"href":"https:\/\/www.uztebesam.hr\/index.php\/wp-json\/wp\/v2\/posts\/3790","targetHints":{"allow":["GET"]}}],"collection":[{"href":"https:\/\/www.uztebesam.hr\/index.php\/wp-json\/wp\/v2\/posts"}],"about":[{"href":"https:\/\/www.uztebesam.hr\/index.php\/wp-json\/wp\/v2\/types\/post"}],"author":[{"embeddable":true,"href":"https:\/\/www.uztebesam.hr\/index.php\/wp-json\/wp\/v2\/users\/1"}],"replies":[{"embeddable":true,"href":"https:\/\/www.uztebesam.hr\/index.php\/wp-json\/wp\/v2\/comments?post=3790"}],"version-history":[{"count":2,"href":"https:\/\/www.uztebesam.hr\/index.php\/wp-json\/wp\/v2\/posts\/3790\/revisions"}],"predecessor-version":[{"id":3795,"href":"https:\/\/www.uztebesam.hr\/index.php\/wp-json\/wp\/v2\/posts\/3790\/revisions\/3795"}],"wp:featuredmedia":[{"embeddable":true,"href":"https:\/\/www.uztebesam.hr\/index.php\/wp-json\/wp\/v2\/media\/3792"}],"wp:attachment":[{"href":"https:\/\/www.uztebesam.hr\/index.php\/wp-json\/wp\/v2\/media?parent=3790"}],"wp:term":[{"taxonomy":"category","embeddable":true,"href":"https:\/\/www.uztebesam.hr\/index.php\/wp-json\/wp\/v2\/categories?post=3790"},{"taxonomy":"post_tag","embeddable":true,"href":"https:\/\/www.uztebesam.hr\/index.php\/wp-json\/wp\/v2\/tags?post=3790"}],"curies":[{"name":"wp","href":"https:\/\/api.w.org\/{rel}","templated":true}]}}