{"id":3731,"date":"2023-12-11T08:22:47","date_gmt":"2023-12-11T07:22:47","guid":{"rendered":"https:\/\/www.uztebesam.hr\/?p=3731"},"modified":"2023-12-11T16:07:28","modified_gmt":"2023-12-11T15:07:28","slug":"osmijeh-na-licu-sjaj-u-srcu-2","status":"publish","type":"post","link":"https:\/\/www.uztebesam.hr\/index.php\/2023\/12\/11\/osmijeh-na-licu-sjaj-u-srcu-2\/","title":{"rendered":"Osmijeh na licu &#8211; sjaj u srcu"},"content":{"rendered":"\n<p><em>Bo\u017ei\u0107 ne dolazi samo u obliku poklona, svjetlucavih ukrasa ili pahulja snijega. On dolazi u toplini na\u0161ih srca, u osmjesima na licima na\u0161e djece, i u spremnosti da volimo i brinemo o drugima<\/em> &#8211; upravo ovim rije\u010dima zapo\u010dela je bo\u017ei\u0107na priredba koja je ove godine bila jo\u0161 posebnija jer su nositelji bili djeca s te\u0161ko\u0107ama u razvoju i mladi s invaliditetom koji su svojim nastupima odu\u0161evili publiku i izmamili pokoju suzu radosnicu. Oni su s ponosom i uz podr\u0161ku volontera pjevali, plesali, vodili program i iskazivali svoje talente.<\/p>\n\n\n\n<p>Po\u0161to su cijele godine bili jako marljivi, Djedica im je pripremio poklone. Hvala svim dragim ljudima dobrog srca koji su bili ne\u010diji Djed Bo\u017ei\u0107njak i otvorenog srca se uklju\u010dili na\u0161u bo\u017ei\u0107nu akciju. \u010carolija ovakvog darivanja je bila zapravo u tome \u0161to je ovo darivanje dolazilo iz srca i plemenitosti, a na\u0161i mali\u0161ani i mladi bili su odu\u0161evljeni poklonima.<\/p>\n\n\n\n<p>I u dvoranu Studentskog centra Vara\u017edin, 10. prosinca u\u0161la je \u010darolija koja nas podsje\u0107a na pravi smisao Bo\u017ei\u0107a, na radost dijeljenja, ljubav i zajedni\u0161tvo. Na po\u010detku programa prigodnim govorom ispred Udruge obratila se novope\u010dena predsjednica Dijana Telebar i zahvalila svima koji djeci s te\u0161ko\u0107ama u razvoju i mladim osobama s invaliditetom punog srca poru\u010duju: I ja sam uz tebe!<\/p>\n\n\n\n<p>Ispred Vara\u017edinske \u017eupanije podr\u0161ku djeci s te\u0161ko\u0107ama u razvoju, mladim osobama s invaliditetom i njihovim obiteljima iskazao je \u017eupanijski vije\u0107nik Tin Jurak, koji nam se obratio prigodnim govorom, zatim \u017denska inicijativa HNS-a Vara\u017edinske \u017eupanije i njihova predsjednica Anita Rep te \u017eupanijski vije\u0107nik Krunoslav Luka\u010di\u0107, predsjednica foruma \u017eena SDP-a Vara\u017edin Bla\u017eenka Beli, predstavnica Sveu\u010dili\u0161ta Sjever profesorica Valentina Vincek, predstavnica Studentskog centra Sonja Nidogon.<\/p>\n\n\n\n<p>Hvala svim volonterima koji su uz nas tijekom cijele godine. Hvala svima koji su \u00a0pomagali u pripremi poklona! Hvala Studentskom centru Vara\u017edin koji nam je omogu\u0107io da podjela poklona bude u njihovoj dvorani i na taj na\u010din iskazao podr\u0161ku naspram jednoj od najranjivijih skupina dru\u0161tva. Hvala na\u0161im donatorima koji nas prate tijekom cijele godine i \u010dine na\u0161 rad mogu\u0107im! Hvala Gradu Vara\u017edinu, Vara\u017edinskoj \u017eupaniji, Ministarstvu rada, mirovinskog sustava, obitelji i socijalne politike, Zakladi za prevenciju kriminaliteta Sveti Mihael, Zakladi Zamah, Sveu\u010dili\u0161tu Sjever \u2013 odjel za sestrinstvo, \u017dupanijskoj inicijativi HNS-a Vara\u017edinske \u017eupanije, Forumu \u017eena SDP-a Vara\u017edin, Erste banci Hrvatska, Lim-mont d.o.o., Elektro Kruno d.o.o., Bratov\u010dak obrt za prijevoz i usluge, TINKER studio, MartinArt studio i hvala medijima koji prenose tople ljudske pri\u010de: Vara\u017edinskoj televiziji, Vara\u017edinskim vijestima, Regionalnom tjedniku, Radiju Megaton, Radiju Sjeverozapad, Radiju Lubreg, Radiju Novi Marof, portalima: e-vara\u017edin.hr, vara\u017edinski.hr.<\/p>\n\n\n\n<p>Hvala svima koji su na bilo koji na\u010din doprinijeli radu na\u0161e udruge.<\/p>\n","protected":false},"excerpt":{"rendered":"<p>Bo\u017ei\u0107 ne dolazi samo u obliku poklona, svjetlucavih ukrasa ili pahulja snijega. On dolazi u toplini na\u0161ih srca, u osmjesima na licima na\u0161e djece, i u spremnosti da volimo i [&hellip;]<\/p>\n","protected":false},"author":1,"featured_media":3732,"comment_status":"open","ping_status":"closed","sticky":false,"template":"","format":"standard","meta":{"footnotes":""},"categories":[14],"tags":[],"class_list":["post-3731","post","type-post","status-publish","format-standard","has-post-thumbnail","hentry","category-novosti"],"_links":{"self":[{"href":"https:\/\/www.uztebesam.hr\/index.php\/wp-json\/wp\/v2\/posts\/3731","targetHints":{"allow":["GET"]}}],"collection":[{"href":"https:\/\/www.uztebesam.hr\/index.php\/wp-json\/wp\/v2\/posts"}],"about":[{"href":"https:\/\/www.uztebesam.hr\/index.php\/wp-json\/wp\/v2\/types\/post"}],"author":[{"embeddable":true,"href":"https:\/\/www.uztebesam.hr\/index.php\/wp-json\/wp\/v2\/users\/1"}],"replies":[{"embeddable":true,"href":"https:\/\/www.uztebesam.hr\/index.php\/wp-json\/wp\/v2\/comments?post=3731"}],"version-history":[{"count":2,"href":"https:\/\/www.uztebesam.hr\/index.php\/wp-json\/wp\/v2\/posts\/3731\/revisions"}],"predecessor-version":[{"id":3736,"href":"https:\/\/www.uztebesam.hr\/index.php\/wp-json\/wp\/v2\/posts\/3731\/revisions\/3736"}],"wp:featuredmedia":[{"embeddable":true,"href":"https:\/\/www.uztebesam.hr\/index.php\/wp-json\/wp\/v2\/media\/3732"}],"wp:attachment":[{"href":"https:\/\/www.uztebesam.hr\/index.php\/wp-json\/wp\/v2\/media?parent=3731"}],"wp:term":[{"taxonomy":"category","embeddable":true,"href":"https:\/\/www.uztebesam.hr\/index.php\/wp-json\/wp\/v2\/categories?post=3731"},{"taxonomy":"post_tag","embeddable":true,"href":"https:\/\/www.uztebesam.hr\/index.php\/wp-json\/wp\/v2\/tags?post=3731"}],"curies":[{"name":"wp","href":"https:\/\/api.w.org\/{rel}","templated":true}]}}