{"id":3474,"date":"2023-04-02T10:13:54","date_gmt":"2023-04-02T08:13:54","guid":{"rendered":"https:\/\/www.uztebesam.hr\/?p=3474"},"modified":"2023-04-02T10:13:54","modified_gmt":"2023-04-02T08:13:54","slug":"cudesni-bled","status":"publish","type":"post","link":"https:\/\/www.uztebesam.hr\/index.php\/2023\/04\/02\/cudesni-bled\/","title":{"rendered":"\u010cudesni Bled"},"content":{"rendered":"\n<p>Usprkos najavljenoj ki\u0161i, usudili smo se otputovati na Bled. Sre\u0107om, sunce, pjesma i toplo vrijeme, pratili su nas cijelim putem, \u0161to je najvi\u0161e obradovalo na\u0161e najmla\u0111e.<\/p>\n\n\n\n<p>Krenuli smo u 7:00 iz Vara\u017edina i prva postaja bila nam je Dino Parku Bled. Vratili smo se nekoliko desetaka milijuna godina u pro\u0161lost i pro\u0161etali s dinosaurima. Vidjelu smo iguanodona, triceratopsa, tiranosaura i ostalu ekipu iz mezozoika. U Dino Parku su u\u017eivali na\u0161i najmla\u0111i, roditelji, ali i volonteri.<\/p>\n\n\n\n<p>U podne smo se pozdravili s ekipom i put nastavili prema Bohinjskom i Bledskom jezeru. Podno Julijskih Alpa u\u017eivali smo u predivnom pogledu i prirodnim ljepotama. Na kraju smo se zasladili i krem\u0161nitama. Tihim koracima je do\u0161lo 17:00 sati i morali smo krenuti prema svojim ku\u0107ama. Usput smo stali u Trojanama i jo\u0161 jedanput se zasladili, ali ovaj put trojanskim krafnama. <\/p>\n\n\n\n<p>Veliko hvala anonimnom donatoru koji nam je omogu\u0107io ovo divno dru\u017eenje!<\/p>\n\n\n\n<p>Mogli bismo re\u0107i da je ovaj izlet bio veoma veseo i sladak. Tako\u0111er je odr\u017eana i Izborna Skup\u0161tina, te je novom predsjednicom jednoglasno izabrana Dijana Petek, a njezinom zamjenicom Danijela Mar\u010dec. \u010clanovima Upravnog odbora imenovani su Filip Hohnjec, Magdalena Hr\u017eenjak te Anamarija Rade. U Upravnom odboru tako\u0111er je i Predsjedni\u0161tvo, a predsjednica Upravnog odbora je i predsjednica Udruge. U Nadzorni odbor izabrani su Marija \u017daja, Jadranka Vukeli\u0107 te Bojana Ponudi\u0107, za tajnicu je izabrana Darija Stjep\u010devi\u0107, a za likvidatoricu Diana Klopotan. Na\u0161a dosada\u0161nja predsjednica Marina Kere\u0161a progla\u0161ena je po\u010dasnom \u010dlanicom Udruge.<\/p>\n\n\n\n<p>Pred novim Tijelima Udruge brojni su izazovi, no predanim radom, znanjima i trudom vjerujemo da \u0107e ih uspje\u0161no svladavati. U narednim godinama \u017eelimo nastaviti u istom tonu i doprinositi unapre\u0111ivanju kvalitete \u017eivota djece s TUR, osoba s invaliditetom te njihovih obitelji.<\/p>\n\n\n\n<p><\/p>\n","protected":false},"excerpt":{"rendered":"<p>Usprkos najavljenoj ki\u0161i, usudili smo se otputovati na Bled. Sre\u0107om, sunce, pjesma i toplo vrijeme, pratili su nas cijelim putem, \u0161to je najvi\u0161e obradovalo na\u0161e najmla\u0111e. Krenuli smo u 7:00 [&hellip;]<\/p>\n","protected":false},"author":1,"featured_media":3475,"comment_status":"open","ping_status":"closed","sticky":false,"template":"","format":"standard","meta":{"footnotes":""},"categories":[1],"tags":[],"class_list":["post-3474","post","type-post","status-publish","format-standard","has-post-thumbnail","hentry","category-udruga"],"_links":{"self":[{"href":"https:\/\/www.uztebesam.hr\/index.php\/wp-json\/wp\/v2\/posts\/3474","targetHints":{"allow":["GET"]}}],"collection":[{"href":"https:\/\/www.uztebesam.hr\/index.php\/wp-json\/wp\/v2\/posts"}],"about":[{"href":"https:\/\/www.uztebesam.hr\/index.php\/wp-json\/wp\/v2\/types\/post"}],"author":[{"embeddable":true,"href":"https:\/\/www.uztebesam.hr\/index.php\/wp-json\/wp\/v2\/users\/1"}],"replies":[{"embeddable":true,"href":"https:\/\/www.uztebesam.hr\/index.php\/wp-json\/wp\/v2\/comments?post=3474"}],"version-history":[{"count":1,"href":"https:\/\/www.uztebesam.hr\/index.php\/wp-json\/wp\/v2\/posts\/3474\/revisions"}],"predecessor-version":[{"id":3476,"href":"https:\/\/www.uztebesam.hr\/index.php\/wp-json\/wp\/v2\/posts\/3474\/revisions\/3476"}],"wp:featuredmedia":[{"embeddable":true,"href":"https:\/\/www.uztebesam.hr\/index.php\/wp-json\/wp\/v2\/media\/3475"}],"wp:attachment":[{"href":"https:\/\/www.uztebesam.hr\/index.php\/wp-json\/wp\/v2\/media?parent=3474"}],"wp:term":[{"taxonomy":"category","embeddable":true,"href":"https:\/\/www.uztebesam.hr\/index.php\/wp-json\/wp\/v2\/categories?post=3474"},{"taxonomy":"post_tag","embeddable":true,"href":"https:\/\/www.uztebesam.hr\/index.php\/wp-json\/wp\/v2\/tags?post=3474"}],"curies":[{"name":"wp","href":"https:\/\/api.w.org\/{rel}","templated":true}]}}