{"id":3071,"date":"2022-03-24T10:36:58","date_gmt":"2022-03-24T09:36:58","guid":{"rendered":"https:\/\/www.uztebesam.hr\/?p=3071"},"modified":"2022-03-24T10:36:58","modified_gmt":"2022-03-24T09:36:58","slug":"u-tudim-cipelicama","status":"publish","type":"post","link":"https:\/\/www.uztebesam.hr\/index.php\/2022\/03\/24\/u-tudim-cipelicama\/","title":{"rendered":"U tu\u0111im cipelicama"},"content":{"rendered":"\n<p>Od mjeseca travnja zapo\u010dinjemo s novim projektom pod nazivom \u201eU tu\u0111im cipelicama\u201c financiranim od strane Zaklade za prevenciju kriminaliteta Sveti Mihael.<\/p>\n\n\n\n<p>Projekt je namijenjen u\u010denicima tre\u0107ih i \u010detvrtih razreda osnovnih \u0161kola s podru\u010dja grada Vara\u017edina i Vara\u017edinske \u017eupanije kojem je cilj prevencija nasilja naspram jednoj od najranjivijih skupina dru\u0161tva \u2013 djeci s te\u0161ko\u0107ama u razvoju. Kroz &nbsp;predavanja i iskustvene radionice (vo\u0111ena grupna rasprava, igranje uloga, igra) u\u010denici \u0107e \u201eulaze\u0107i u tu\u0111e cipelice\u201c&nbsp; osvje\u0161tavati toleranciju razli\u010ditosti,&nbsp; vlastite i tu\u0111e vrijednosti, pove\u0107ati razinu osvje\u0161tenosti o utjecajima nasilja, u\u010diti o na\u010dinu opho\u0111enja prema drugima, u\u010diti kako se oduprijeti vr\u0161nja\u010dkom pritisku koji poti\u010de na omalova\u017eavanje drugih, na\u010dinu opho\u0111enja prema drugima te kako za\u0161titi slabijeg od sebe.<\/p>\n\n\n\n<p>U projekt \u0107e biti uklju\u010deno \u0161est \u0161kola s podru\u010dja Grada i \u017dupanije.<\/p>\n","protected":false},"excerpt":{"rendered":"<p>Od mjeseca travnja zapo\u010dinjemo s novim projektom pod nazivom \u201eU tu\u0111im cipelicama\u201c financiranim od strane Zaklade za prevenciju kriminaliteta Sveti Mihael. Projekt je namijenjen u\u010denicima tre\u0107ih i \u010detvrtih razreda osnovnih [&hellip;]<\/p>\n","protected":false},"author":2,"featured_media":3072,"comment_status":"open","ping_status":"closed","sticky":false,"template":"","format":"standard","meta":{"footnotes":""},"categories":[1],"tags":[],"class_list":["post-3071","post","type-post","status-publish","format-standard","has-post-thumbnail","hentry","category-udruga"],"_links":{"self":[{"href":"https:\/\/www.uztebesam.hr\/index.php\/wp-json\/wp\/v2\/posts\/3071","targetHints":{"allow":["GET"]}}],"collection":[{"href":"https:\/\/www.uztebesam.hr\/index.php\/wp-json\/wp\/v2\/posts"}],"about":[{"href":"https:\/\/www.uztebesam.hr\/index.php\/wp-json\/wp\/v2\/types\/post"}],"author":[{"embeddable":true,"href":"https:\/\/www.uztebesam.hr\/index.php\/wp-json\/wp\/v2\/users\/2"}],"replies":[{"embeddable":true,"href":"https:\/\/www.uztebesam.hr\/index.php\/wp-json\/wp\/v2\/comments?post=3071"}],"version-history":[{"count":1,"href":"https:\/\/www.uztebesam.hr\/index.php\/wp-json\/wp\/v2\/posts\/3071\/revisions"}],"predecessor-version":[{"id":3074,"href":"https:\/\/www.uztebesam.hr\/index.php\/wp-json\/wp\/v2\/posts\/3071\/revisions\/3074"}],"wp:featuredmedia":[{"embeddable":true,"href":"https:\/\/www.uztebesam.hr\/index.php\/wp-json\/wp\/v2\/media\/3072"}],"wp:attachment":[{"href":"https:\/\/www.uztebesam.hr\/index.php\/wp-json\/wp\/v2\/media?parent=3071"}],"wp:term":[{"taxonomy":"category","embeddable":true,"href":"https:\/\/www.uztebesam.hr\/index.php\/wp-json\/wp\/v2\/categories?post=3071"},{"taxonomy":"post_tag","embeddable":true,"href":"https:\/\/www.uztebesam.hr\/index.php\/wp-json\/wp\/v2\/tags?post=3071"}],"curies":[{"name":"wp","href":"https:\/\/api.w.org\/{rel}","templated":true}]}}