{"id":2508,"date":"2021-11-11T18:23:06","date_gmt":"2021-11-11T16:23:06","guid":{"rendered":"https:\/\/www.uztebesam.hr\/?p=2508"},"modified":"2021-11-11T18:23:06","modified_gmt":"2021-11-11T16:23:06","slug":"karavan-orkestar-u-izvedbi-clanova-udruge-crveni-nosovi-klaunovidoktori-2","status":"publish","type":"post","link":"https:\/\/www.uztebesam.hr\/index.php\/2021\/11\/11\/karavan-orkestar-u-izvedbi-clanova-udruge-crveni-nosovi-klaunovidoktori-2\/","title":{"rendered":"Karavan Orkestar u izvedbi \u010dlanova udruge CRVENI NOSOVI klaunovidoktori"},"content":{"rendered":"<p>Dana 30. listopada 2021. godine na adresi Graberje 33 odr\u017eane svi dvije izvedbe predstave naziva\u00a0<i>Karavan Orkestar\u00a0<\/i>u izvedbi \u010dlanova udruge CRVENI NOSOVI klaunovidoktori, udruge za podr\u0161ku ljudima koji su bolesni i pate, pomo\u0107u humora i \u017eivotne radosti. Rije\u010d je o polusatnoj, interaktivnoj predstavi klaunovadoktora za djecu s te\u0161ko\u0107ama u razvoju pri \u010demu valja napomenuti da su klaunovidoktori educirani za ovakav oblik rada s djecom s te\u0161ko\u0107ama u razvoju i mladih osoba s invaliditetom. Koncept predstave je takav da tri klaunadoktora ulaze u prostoriju u kojoj su djeca i sa sobom vuku dva velika kov\u010dega puna klju\u010deva. Oni su u potrazi za svojim malim orkestrom. Predstava je vrlo suptilna, muzikalna, a djeca su uklju\u010dena u predstavu jer klaunovi pjevaju o njihovim imenima te zajedno s klaunovima stvaraju ritam klju\u010di\u0107ima. Predstava je izrazito nje\u017ena i djeci ostavlja dovoljno prostora za reakciju, ma u kojem god obliku ona do\u0161la.<br \/>\nZbog epidemiolo\u0161kih mjera i specifi\u010dne vrste publike, u jednoj izvedbi nije mogao sudjelovati veliki broj djece i mladih pa su na\u0161i \u010dlanovi bili podijeljeni u dvije skupine. U prvoj izvedbi sudjelovali su na\u0161i najmla\u0111i \u010dlanovi, a u drugoj izvedbi ne\u0161to starija djeca i mladi s invaliditetom. Prilikom izvo\u0111enja predstave odgovaraju\u0107u podr\u0161ku djeci i mladima pru\u017eili su volonteri na\u0161e udruge koji su i sami u\u017eivali u izvedbama dok su roditelji djece bri\u017eno \u010dekali u prostorima Udruge uz \u010da\u0161icu razgovora i toplog \u010daja. Reakcije djece na predstavu bile su iznimno pozitivne i djeca se raduju i sljede\u0107im gostovanjima \u010dlanova CRVENIH NOSOVA.<br \/>\nIzvoditeljima predstave prigodno su zahvalile \u010dlanice Upravnog odbora Udruge savjetovali\u0161ta &#8220;Uz tebe sam&#8221;, a CRVENI NOSOVI donirali su prigodnu slikovnicu na\u0161oj udruzi. I jedni i drugi su najavili da je ovo tek po\u010detak jedne duge, uspje\u0161ne i kvalitetne suradnje na zadovoljstvo obiju strana, a u najve\u0107oj mjeri na korist i zadovoljstvo onih zbog kojih se sve ovo i radi, a to su djeca s te\u0161ko\u0107ama u razvoju i mlade osobe s invaliditetom.<br \/>\nOvim putem jo\u0161 jednom zahvaljujemo CRVENIM NOSOVIMA na gostovanju i veselimo se budu\u0107oj suradnji.<\/p>\n<p><img fetchpriority=\"high\" decoding=\"async\" class=\"alignleft size-medium wp-image-2527\" src=\"https:\/\/www.uztebesam.hr\/wp-content\/uploads\/2021\/11\/IMG_3969-300x225.jpg\" alt=\"\" width=\"300\" height=\"225\" \/> <img decoding=\"async\" class=\"alignleft size-medium wp-image-2526\" src=\"https:\/\/www.uztebesam.hr\/wp-content\/uploads\/2021\/11\/IMG_3690-300x225.jpg\" alt=\"\" width=\"300\" height=\"225\" \/> <img decoding=\"async\" class=\"alignleft size-medium wp-image-2525\" src=\"https:\/\/www.uztebesam.hr\/wp-content\/uploads\/2021\/11\/IMG_3473-300x225.jpg\" alt=\"\" width=\"300\" height=\"225\" \/> <img loading=\"lazy\" decoding=\"async\" class=\"alignleft size-medium wp-image-2524\" src=\"https:\/\/www.uztebesam.hr\/wp-content\/uploads\/2021\/11\/IMG_3446-300x225.jpg\" alt=\"\" width=\"300\" height=\"225\" \/> <img loading=\"lazy\" decoding=\"async\" class=\"alignleft size-medium wp-image-2523\" src=\"https:\/\/www.uztebesam.hr\/wp-content\/uploads\/2021\/11\/IMG_3400-300x225.jpg\" alt=\"\" width=\"300\" height=\"225\" \/> <img loading=\"lazy\" decoding=\"async\" class=\"alignleft size-medium wp-image-2522\" src=\"https:\/\/www.uztebesam.hr\/wp-content\/uploads\/2021\/11\/IMG_3339-225x300.jpg\" alt=\"\" width=\"225\" height=\"300\" \/> <img loading=\"lazy\" decoding=\"async\" class=\"alignleft size-medium wp-image-2521\" src=\"https:\/\/www.uztebesam.hr\/wp-content\/uploads\/2021\/11\/IMG_3243-300x225.jpg\" alt=\"\" width=\"300\" height=\"225\" \/> <img loading=\"lazy\" decoding=\"async\" class=\"alignleft size-medium wp-image-2520\" src=\"https:\/\/www.uztebesam.hr\/wp-content\/uploads\/2021\/11\/IMG_3166-300x225.jpg\" alt=\"\" width=\"300\" height=\"225\" \/> <img loading=\"lazy\" decoding=\"async\" class=\"alignleft size-medium wp-image-2519\" src=\"https:\/\/www.uztebesam.hr\/wp-content\/uploads\/2021\/11\/IMG_2934-300x225.jpg\" alt=\"\" width=\"300\" height=\"225\" \/><\/p>\n","protected":false},"excerpt":{"rendered":"<p>Dana 30. listopada 2021. godine na adresi Graberje 33 odr\u017eane svi dvije izvedbe predstave naziva\u00a0Karavan Orkestar\u00a0u izvedbi \u010dlanova udruge CRVENI NOSOVI klaunovidoktori, udruge za podr\u0161ku ljudima koji su bolesni i [&hellip;]<\/p>\n","protected":false},"author":2,"featured_media":2565,"comment_status":"closed","ping_status":"closed","sticky":false,"template":"","format":"standard","meta":{"footnotes":""},"categories":[14],"tags":[],"class_list":["post-2508","post","type-post","status-publish","format-standard","has-post-thumbnail","hentry","category-novosti"],"_links":{"self":[{"href":"https:\/\/www.uztebesam.hr\/index.php\/wp-json\/wp\/v2\/posts\/2508","targetHints":{"allow":["GET"]}}],"collection":[{"href":"https:\/\/www.uztebesam.hr\/index.php\/wp-json\/wp\/v2\/posts"}],"about":[{"href":"https:\/\/www.uztebesam.hr\/index.php\/wp-json\/wp\/v2\/types\/post"}],"author":[{"embeddable":true,"href":"https:\/\/www.uztebesam.hr\/index.php\/wp-json\/wp\/v2\/users\/2"}],"replies":[{"embeddable":true,"href":"https:\/\/www.uztebesam.hr\/index.php\/wp-json\/wp\/v2\/comments?post=2508"}],"version-history":[{"count":0,"href":"https:\/\/www.uztebesam.hr\/index.php\/wp-json\/wp\/v2\/posts\/2508\/revisions"}],"wp:featuredmedia":[{"embeddable":true,"href":"https:\/\/www.uztebesam.hr\/index.php\/wp-json\/wp\/v2\/media\/2565"}],"wp:attachment":[{"href":"https:\/\/www.uztebesam.hr\/index.php\/wp-json\/wp\/v2\/media?parent=2508"}],"wp:term":[{"taxonomy":"category","embeddable":true,"href":"https:\/\/www.uztebesam.hr\/index.php\/wp-json\/wp\/v2\/categories?post=2508"},{"taxonomy":"post_tag","embeddable":true,"href":"https:\/\/www.uztebesam.hr\/index.php\/wp-json\/wp\/v2\/tags?post=2508"}],"curies":[{"name":"wp","href":"https:\/\/api.w.org\/{rel}","templated":true}]}}