{"id":2381,"date":"2021-02-05T20:05:34","date_gmt":"2021-02-05T18:05:34","guid":{"rendered":"https:\/\/www.uztebesam.hr\/?p=2381"},"modified":"2021-02-05T20:05:34","modified_gmt":"2021-02-05T18:05:34","slug":"glasovi-vedrih-boja","status":"publish","type":"post","link":"https:\/\/www.uztebesam.hr\/index.php\/2021\/02\/05\/glasovi-vedrih-boja\/","title":{"rendered":"Glasovi vedrih boja"},"content":{"rendered":"<div dir=\"auto\">Draga djeco, roditelji i svi na\u0161i pratitelji. Predstavljamo vam virtualni scensko-literarni program \u201eGlasovi vedrih boja\u201c s pjesmama i pri\u010dama djece i mladih \u010dlanova na\u0161e udruge. Radovi su nastali u sklopu ciklusa literarnih radionica koje su se odr\u017eavale tijekom godine.<\/div>\n<div dir=\"auto\">Nadamo se da \u0107emo vam ovim videom prenijeti barem malo vedre atmosfere i uljep\u0161ati vam dan\u00a0<span class=\"pq6dq46d tbxw36s4 knj5qynh kvgmc6g5 ditlmg2l oygrvhab nvdbi5me sf5mxxl7 gl3lb2sf hhz5lgdu\"><img decoding=\"async\" src=\"https:\/\/static.xx.fbcdn.net\/images\/emoji.php\/v9\/t4c\/1\/16\/1f642.png\" alt=\"\ud83d\ude42\" width=\"16\" height=\"16\" \/><\/span><\/div>\n<div dir=\"auto\">#glasovivedrihboja #rastimozajedno #usre\u0107idrugogausre\u0107isebe<\/div>\n<div dir=\"auto\"><a class=\"oajrlxb2 g5ia77u1 qu0x051f esr5mh6w e9989ue4 r7d6kgcz rq0escxv nhd2j8a9 nc684nl6 p7hjln8o kvgmc6g5 cxmmr5t8 oygrvhab hcukyx3x jb3vyjys rz4wbd8a qt6c0cv9 a8nywdso i1ao9s8h esuyzwwr f1sip0of lzcic4wl oo9gr5id gpro0wi8 lrazzd5p\" tabindex=\"0\" role=\"link\" href=\"https:\/\/web.facebook.com\/ivan.telebar?__tn__=-]K-R\">Ivan Telebar<\/a>\u00a0Anamarija Rade Dijana Petek Filip Hohnjec\u00a0<a class=\"oajrlxb2 g5ia77u1 qu0x051f esr5mh6w e9989ue4 r7d6kgcz rq0escxv nhd2j8a9 nc684nl6 p7hjln8o kvgmc6g5 cxmmr5t8 oygrvhab hcukyx3x jb3vyjys rz4wbd8a qt6c0cv9 a8nywdso i1ao9s8h esuyzwwr f1sip0of lzcic4wl oo9gr5id gpro0wi8 lrazzd5p\" tabindex=\"0\" role=\"link\" href=\"https:\/\/web.facebook.com\/filip.novosel?__tn__=-]K-R\">Filip Novosel<\/a>\u00a0<a class=\"oajrlxb2 g5ia77u1 qu0x051f esr5mh6w e9989ue4 r7d6kgcz rq0escxv nhd2j8a9 nc684nl6 p7hjln8o kvgmc6g5 cxmmr5t8 oygrvhab hcukyx3x jb3vyjys rz4wbd8a qt6c0cv9 a8nywdso i1ao9s8h esuyzwwr f1sip0of lzcic4wl oo9gr5id gpro0wi8 lrazzd5p\" tabindex=\"0\" role=\"link\" href=\"https:\/\/web.facebook.com\/manuela.radovic.5?__tn__=-]K-R\">Manuela Radovi\u0107<\/a>\u00a0Paula Srdanovi\u0107\u00a0<a class=\"oajrlxb2 g5ia77u1 qu0x051f esr5mh6w e9989ue4 r7d6kgcz rq0escxv nhd2j8a9 nc684nl6 p7hjln8o kvgmc6g5 cxmmr5t8 oygrvhab hcukyx3x jb3vyjys rz4wbd8a qt6c0cv9 a8nywdso i1ao9s8h esuyzwwr f1sip0of lzcic4wl oo9gr5id gpro0wi8 lrazzd5p\" tabindex=\"0\" role=\"link\" href=\"https:\/\/web.facebook.com\/korina.ban?__tn__=-]K-R\">Korina Ban<\/a>\u00a0<a class=\"oajrlxb2 g5ia77u1 qu0x051f esr5mh6w e9989ue4 r7d6kgcz rq0escxv nhd2j8a9 nc684nl6 p7hjln8o kvgmc6g5 cxmmr5t8 oygrvhab hcukyx3x jb3vyjys rz4wbd8a qt6c0cv9 a8nywdso i1ao9s8h esuyzwwr f1sip0of lzcic4wl oo9gr5id gpro0wi8 lrazzd5p\" tabindex=\"0\" role=\"link\" href=\"https:\/\/web.facebook.com\/nikola.leskovar.752?__tn__=-]K-R\">Nikola Leskovar<\/a>\u00a0Kristina Vitez Ojurovi\u0107<\/div>\n<div dir=\"auto\">Pokrovitelj programa bila je Raiffeisen banka.<\/div>\n<div dir=\"auto\">Hvala!<\/div>\n<p>[sp_html5video category=&#8221;101&#8243;]<\/p>\n","protected":false},"excerpt":{"rendered":"<p>Draga djeco, roditelji i svi na\u0161i pratitelji. Predstavljamo vam virtualni scensko-literarni program \u201eGlasovi vedrih boja\u201c s pjesmama i pri\u010dama djece i mladih \u010dlanova na\u0161e udruge. Radovi su nastali u sklopu [&hellip;]<\/p>\n","protected":false},"author":2,"featured_media":2382,"comment_status":"closed","ping_status":"closed","sticky":false,"template":"","format":"standard","meta":{"footnotes":""},"categories":[14],"tags":[],"class_list":["post-2381","post","type-post","status-publish","format-standard","has-post-thumbnail","hentry","category-novosti"],"_links":{"self":[{"href":"https:\/\/www.uztebesam.hr\/index.php\/wp-json\/wp\/v2\/posts\/2381","targetHints":{"allow":["GET"]}}],"collection":[{"href":"https:\/\/www.uztebesam.hr\/index.php\/wp-json\/wp\/v2\/posts"}],"about":[{"href":"https:\/\/www.uztebesam.hr\/index.php\/wp-json\/wp\/v2\/types\/post"}],"author":[{"embeddable":true,"href":"https:\/\/www.uztebesam.hr\/index.php\/wp-json\/wp\/v2\/users\/2"}],"replies":[{"embeddable":true,"href":"https:\/\/www.uztebesam.hr\/index.php\/wp-json\/wp\/v2\/comments?post=2381"}],"version-history":[{"count":0,"href":"https:\/\/www.uztebesam.hr\/index.php\/wp-json\/wp\/v2\/posts\/2381\/revisions"}],"wp:featuredmedia":[{"embeddable":true,"href":"https:\/\/www.uztebesam.hr\/index.php\/wp-json\/wp\/v2\/media\/2382"}],"wp:attachment":[{"href":"https:\/\/www.uztebesam.hr\/index.php\/wp-json\/wp\/v2\/media?parent=2381"}],"wp:term":[{"taxonomy":"category","embeddable":true,"href":"https:\/\/www.uztebesam.hr\/index.php\/wp-json\/wp\/v2\/categories?post=2381"},{"taxonomy":"post_tag","embeddable":true,"href":"https:\/\/www.uztebesam.hr\/index.php\/wp-json\/wp\/v2\/tags?post=2381"}],"curies":[{"name":"wp","href":"https:\/\/api.w.org\/{rel}","templated":true}]}}