{"id":2311,"date":"2020-05-22T16:17:00","date_gmt":"2020-05-22T14:17:00","guid":{"rendered":"https:\/\/www.uztebesam.hr\/?p=2311"},"modified":"2020-05-22T16:17:00","modified_gmt":"2020-05-22T14:17:00","slug":"medunarodni-dan-bioloske-raznolikosti","status":"publish","type":"post","link":"https:\/\/www.uztebesam.hr\/index.php\/2020\/05\/22\/medunarodni-dan-bioloske-raznolikosti\/","title":{"rendered":"Me\u0111unarodni dan biolo\u0161ke raznolikosti"},"content":{"rendered":"<p>Danas je Me\u0111unarodni dan biolo\u0161ke raznolikosti. Slavi se u ime raznolikosti svega \u017eivog svijeta na Zemlji, i ljudi, i biljaka, i \u017eivotinja. Za\u0161to je to va\u017eno? Iako neke \u017eivotinje volimo vi\u0161e od drugih, neke su nam biljke ljep\u0161e od drugih, neki su nam ljudi dra\u017ei od drugih, jedni bez drugih ne mo\u017eemo kakvi god da smo. Razli\u010diti smo i moramo \u010duvati jedni druge, jer ako se nekome ne\u0161to dogodi, to odmah utje\u010de na sve nas kao cjelinu. Zamislite \u017eivot bez raznolikosti! \u017divot na zemlji bi nestao!<\/p>\n","protected":false},"excerpt":{"rendered":"<p>Danas je Me\u0111unarodni dan biolo\u0161ke raznolikosti. Slavi se u ime raznolikosti svega \u017eivog svijeta na Zemlji, i ljudi, i biljaka, i \u017eivotinja. Za\u0161to je to va\u017eno? Iako neke \u017eivotinje volimo [&hellip;]<\/p>\n","protected":false},"author":2,"featured_media":2312,"comment_status":"closed","ping_status":"closed","sticky":false,"template":"","format":"standard","meta":{"footnotes":""},"categories":[14],"tags":[],"class_list":["post-2311","post","type-post","status-publish","format-standard","has-post-thumbnail","hentry","category-novosti"],"_links":{"self":[{"href":"https:\/\/www.uztebesam.hr\/index.php\/wp-json\/wp\/v2\/posts\/2311","targetHints":{"allow":["GET"]}}],"collection":[{"href":"https:\/\/www.uztebesam.hr\/index.php\/wp-json\/wp\/v2\/posts"}],"about":[{"href":"https:\/\/www.uztebesam.hr\/index.php\/wp-json\/wp\/v2\/types\/post"}],"author":[{"embeddable":true,"href":"https:\/\/www.uztebesam.hr\/index.php\/wp-json\/wp\/v2\/users\/2"}],"replies":[{"embeddable":true,"href":"https:\/\/www.uztebesam.hr\/index.php\/wp-json\/wp\/v2\/comments?post=2311"}],"version-history":[{"count":0,"href":"https:\/\/www.uztebesam.hr\/index.php\/wp-json\/wp\/v2\/posts\/2311\/revisions"}],"wp:featuredmedia":[{"embeddable":true,"href":"https:\/\/www.uztebesam.hr\/index.php\/wp-json\/wp\/v2\/media\/2312"}],"wp:attachment":[{"href":"https:\/\/www.uztebesam.hr\/index.php\/wp-json\/wp\/v2\/media?parent=2311"}],"wp:term":[{"taxonomy":"category","embeddable":true,"href":"https:\/\/www.uztebesam.hr\/index.php\/wp-json\/wp\/v2\/categories?post=2311"},{"taxonomy":"post_tag","embeddable":true,"href":"https:\/\/www.uztebesam.hr\/index.php\/wp-json\/wp\/v2\/tags?post=2311"}],"curies":[{"name":"wp","href":"https:\/\/api.w.org\/{rel}","templated":true}]}}