{"id":2086,"date":"2019-12-19T10:33:22","date_gmt":"2019-12-19T08:33:22","guid":{"rendered":"https:\/\/www.uztebesam.hr\/?p=2086"},"modified":"2019-12-19T10:33:22","modified_gmt":"2019-12-19T08:33:22","slug":"djed-i-baka-mraz-u-udruzi","status":"publish","type":"post","link":"https:\/\/www.uztebesam.hr\/index.php\/2019\/12\/19\/djed-i-baka-mraz-u-udruzi\/","title":{"rendered":"Djed i Baka Mraz u Udruzi"},"content":{"rendered":"<p>Predivno bo\u017ei\u0107no ozra\u010dje i ove godine bilo je u na\u0161oj Udruzi Uz tebe sam! Cijele godine bili smo jako dobri te nas je u subotu, 14. prosinca posjetio na\u0161 dragi Djedica i Baka Mraz s darovima.<br \/>\nHvala svim volonterima, izvo\u0111a\u010dima i svim donatorima koji su stavili osmijeh na lica na\u0161e djece i mladih!<\/p>\n<p><img fetchpriority=\"high\" decoding=\"async\" class=\"alignnone size-medium wp-image-2087\" src=\"https:\/\/www.uztebesam.hr\/wp-content\/uploads\/2019\/12\/DSC_4951-300x200.jpg\" alt=\"\" width=\"300\" height=\"200\" \/> <img decoding=\"async\" class=\"alignnone size-medium wp-image-2088\" src=\"https:\/\/www.uztebesam.hr\/wp-content\/uploads\/2019\/12\/DSC_5005-300x200.jpg\" alt=\"\" width=\"300\" height=\"200\" \/> <img decoding=\"async\" class=\"alignnone size-medium wp-image-2089\" src=\"https:\/\/www.uztebesam.hr\/wp-content\/uploads\/2019\/12\/DSC_4940-300x200.jpg\" alt=\"\" width=\"300\" height=\"200\" \/> <img loading=\"lazy\" decoding=\"async\" class=\"alignnone size-medium wp-image-2090\" src=\"https:\/\/www.uztebesam.hr\/wp-content\/uploads\/2019\/12\/DSC_4962-300x200.jpg\" alt=\"\" width=\"300\" height=\"200\" \/> <img loading=\"lazy\" decoding=\"async\" class=\"alignnone size-medium wp-image-2091\" src=\"https:\/\/www.uztebesam.hr\/wp-content\/uploads\/2019\/12\/DSC_4990-300x200.jpg\" alt=\"\" width=\"300\" height=\"200\" \/> <img loading=\"lazy\" decoding=\"async\" class=\"alignnone size-medium wp-image-2092\" src=\"https:\/\/www.uztebesam.hr\/wp-content\/uploads\/2019\/12\/DSC_4998-300x200.jpg\" alt=\"\" width=\"300\" height=\"200\" \/><\/p>\n","protected":false},"excerpt":{"rendered":"<p>Predivno bo\u017ei\u0107no ozra\u010dje i ove godine bilo je u na\u0161oj Udruzi Uz tebe sam! Cijele godine bili smo jako dobri te nas je u subotu, 14. prosinca posjetio na\u0161 dragi [&hellip;]<\/p>\n","protected":false},"author":2,"featured_media":2088,"comment_status":"closed","ping_status":"closed","sticky":false,"template":"","format":"standard","meta":{"footnotes":""},"categories":[14],"tags":[],"class_list":["post-2086","post","type-post","status-publish","format-standard","has-post-thumbnail","hentry","category-novosti"],"_links":{"self":[{"href":"https:\/\/www.uztebesam.hr\/index.php\/wp-json\/wp\/v2\/posts\/2086","targetHints":{"allow":["GET"]}}],"collection":[{"href":"https:\/\/www.uztebesam.hr\/index.php\/wp-json\/wp\/v2\/posts"}],"about":[{"href":"https:\/\/www.uztebesam.hr\/index.php\/wp-json\/wp\/v2\/types\/post"}],"author":[{"embeddable":true,"href":"https:\/\/www.uztebesam.hr\/index.php\/wp-json\/wp\/v2\/users\/2"}],"replies":[{"embeddable":true,"href":"https:\/\/www.uztebesam.hr\/index.php\/wp-json\/wp\/v2\/comments?post=2086"}],"version-history":[{"count":0,"href":"https:\/\/www.uztebesam.hr\/index.php\/wp-json\/wp\/v2\/posts\/2086\/revisions"}],"wp:featuredmedia":[{"embeddable":true,"href":"https:\/\/www.uztebesam.hr\/index.php\/wp-json\/wp\/v2\/media\/2088"}],"wp:attachment":[{"href":"https:\/\/www.uztebesam.hr\/index.php\/wp-json\/wp\/v2\/media?parent=2086"}],"wp:term":[{"taxonomy":"category","embeddable":true,"href":"https:\/\/www.uztebesam.hr\/index.php\/wp-json\/wp\/v2\/categories?post=2086"},{"taxonomy":"post_tag","embeddable":true,"href":"https:\/\/www.uztebesam.hr\/index.php\/wp-json\/wp\/v2\/tags?post=2086"}],"curies":[{"name":"wp","href":"https:\/\/api.w.org\/{rel}","templated":true}]}}