{"id":1947,"date":"2017-12-11T18:41:23","date_gmt":"2017-12-11T16:41:23","guid":{"rendered":"http:\/\/www.uztebesam.hr\/?p=1947"},"modified":"2017-12-11T18:41:23","modified_gmt":"2017-12-11T16:41:23","slug":"marina-keresa-odrzala-predavanja","status":"publish","type":"post","link":"https:\/\/www.uztebesam.hr\/index.php\/2017\/12\/11\/marina-keresa-odrzala-predavanja\/","title":{"rendered":"Marina Kere\u0161a odr\u017eala predavanja"},"content":{"rendered":"<p>Predsjednica udruge Marina Kere\u0161a univ.spec.clin.psych. sudjelovala je na znanstveno-stru\u010dnom skupu &#8220;Za\u0161tita i promicanje dobrobiti djece, mladih i obitelji&#8221; na Hrvatskom katoli\u010dkom sveu\u010dili\u0161tu 07.-08. prosinca 2017.g., sa prezentacijom ANKSIOZNE SMETNJE KOD DJECE RASTAVLJENIH RODITELJA, sa \u017eeljom da se djeci pomogne kako bi smanjili psihosomatske tegobe zbog rastave braka roditelja.<\/p>\n<p>Tako\u0111er je odr\u017eala predavanje i radionicu &#8220;Psiholo\u0161ka pomo\u0107 oboljelima od hematolo\u0161kih i onkolo\u0161kih bolesti i \u010dlanovima njihovih obitelji&#8221; \u010dlanovima udruge HULL u Vara\u017edinu, dana 13.12.2017.g., od kojih je dobila i zahvalnicu. Hvala udruzi HULL koja nam je omogu\u0107ila da njihovim \u010dlanovima prezentiramo mogu\u0107u stru\u010dnu pomo\u0107 udruge &#8220;Uz tebe sam&#8221;.<\/p>\n<p>&nbsp;<\/p>\n<p><img fetchpriority=\"high\" decoding=\"async\" class=\"size-full wp-image-1949 aligncenter\" src=\"http:\/\/www.uztebesam.hr\/wp-content\/uploads\/2018\/01\/marina-keresa-hull.jpg\" alt=\"\" width=\"864\" height=\"292\" srcset=\"https:\/\/www.uztebesam.hr\/wp-content\/uploads\/2018\/01\/marina-keresa-hull.jpg 864w, https:\/\/www.uztebesam.hr\/wp-content\/uploads\/2018\/01\/marina-keresa-hull-300x101.jpg 300w, https:\/\/www.uztebesam.hr\/wp-content\/uploads\/2018\/01\/marina-keresa-hull-768x260.jpg 768w, https:\/\/www.uztebesam.hr\/wp-content\/uploads\/2018\/01\/marina-keresa-hull-230x78.jpg 230w, https:\/\/www.uztebesam.hr\/wp-content\/uploads\/2018\/01\/marina-keresa-hull-350x118.jpg 350w, https:\/\/www.uztebesam.hr\/wp-content\/uploads\/2018\/01\/marina-keresa-hull-480x162.jpg 480w\" sizes=\"(max-width: 864px) 100vw, 864px\" \/><\/p>\n","protected":false},"excerpt":{"rendered":"<p>Predsjednica udruge Marina Kere\u0161a univ.spec.clin.psych. sudjelovala je na znanstveno-stru\u010dnom skupu &#8220;Za\u0161tita i promicanje dobrobiti djece, mladih i obitelji&#8221; na Hrvatskom katoli\u010dkom sveu\u010dili\u0161tu 07.-08. prosinca 2017.g., sa prezentacijom ANKSIOZNE SMETNJE KOD [&hellip;]<\/p>\n","protected":false},"author":2,"featured_media":1948,"comment_status":"closed","ping_status":"closed","sticky":false,"template":"","format":"standard","meta":{"footnotes":""},"categories":[14],"tags":[],"class_list":["post-1947","post","type-post","status-publish","format-standard","has-post-thumbnail","hentry","category-novosti"],"_links":{"self":[{"href":"https:\/\/www.uztebesam.hr\/index.php\/wp-json\/wp\/v2\/posts\/1947","targetHints":{"allow":["GET"]}}],"collection":[{"href":"https:\/\/www.uztebesam.hr\/index.php\/wp-json\/wp\/v2\/posts"}],"about":[{"href":"https:\/\/www.uztebesam.hr\/index.php\/wp-json\/wp\/v2\/types\/post"}],"author":[{"embeddable":true,"href":"https:\/\/www.uztebesam.hr\/index.php\/wp-json\/wp\/v2\/users\/2"}],"replies":[{"embeddable":true,"href":"https:\/\/www.uztebesam.hr\/index.php\/wp-json\/wp\/v2\/comments?post=1947"}],"version-history":[{"count":0,"href":"https:\/\/www.uztebesam.hr\/index.php\/wp-json\/wp\/v2\/posts\/1947\/revisions"}],"wp:featuredmedia":[{"embeddable":true,"href":"https:\/\/www.uztebesam.hr\/index.php\/wp-json\/wp\/v2\/media\/1948"}],"wp:attachment":[{"href":"https:\/\/www.uztebesam.hr\/index.php\/wp-json\/wp\/v2\/media?parent=1947"}],"wp:term":[{"taxonomy":"category","embeddable":true,"href":"https:\/\/www.uztebesam.hr\/index.php\/wp-json\/wp\/v2\/categories?post=1947"},{"taxonomy":"post_tag","embeddable":true,"href":"https:\/\/www.uztebesam.hr\/index.php\/wp-json\/wp\/v2\/tags?post=1947"}],"curies":[{"name":"wp","href":"https:\/\/api.w.org\/{rel}","templated":true}]}}